{"id":10077,"date":"2020-11-24T14:07:09","date_gmt":"2020-11-24T14:07:09","guid":{"rendered":"https:\/\/centroguerrero.es\/?p=10077"},"modified":"2020-11-25T11:19:56","modified_gmt":"2020-11-25T11:19:56","slug":"soledad-sevilla-premio-velazquez-2020","status":"publish","type":"post","link":"https:\/\/centroguerrero.es\/en\/soledad-sevilla-premio-velazquez-2020\/","title":{"rendered":"SOLEDAD SEVILLA, PREMIO VEL\u00c1ZQUEZ 2020"},"content":{"rendered":"<p>Soledad Sevilla ha sido galardonada con el Premio Vel\u00e1zquez de Artes Pl\u00e1sticas 2020. El jurado del premio, concedido\u00a0 por el Ministerio de Cultura y Deporte, ha destacado \u00absu forma innovadora de entender la luz, los materiales y la geometr\u00eda\u00bb.<\/p>\n<p>La artista valenciana est\u00e1 muy vinculada a Granada y al Centro Jos\u00e9 Guerrero, donde protagoniz\u00f3 en 2015 la exposici\u00f3n <em>Variaciones de una l\u00ednea. 1966-1986<\/em>, organizada en coproducci\u00f3n con el Patronato de la Alhambra y Generalife.<\/p>\n<p>Toda la informaci\u00f3n de esta exposici\u00f3n en \u00a0<a href=\"https:\/\/bit.ly\/2KqtcRB\">Soledad Sevilla<\/a><\/p>\n<p>y del cat\u00e1logo en <a href=\"https:\/\/centroguerrero.es\/publicacion\/soledad-sevilla-variaciones-de-una-linea-1966-1986\/\" target=\"_blank\" rel=\"noopener\">Variaciones de una l\u00ednea<\/a><\/p>\n<p>&nbsp;<\/p>\n","protected":false},"excerpt":{"rendered":"<p>Soledad Sevilla ha sido galardonada con el Premio Vel\u00e1zquez de Artes Pl\u00e1sticas 2020. El jurado del premio, concedido\u00a0 por el Ministerio de Cultura y Deporte, ha destacado \u00absu forma innovadora de entender la luz, los materiales y la geometr\u00eda\u00bb. La artista valenciana est\u00e1 muy vinculada a Granada y al Centro Jos\u00e9 Guerrero, donde protagoniz\u00f3 en [&hellip;]<\/p>\n","protected":false},"author":25,"featured_media":10080,"comment_status":"closed","ping_status":"closed","sticky":false,"template":"","format":"standard","meta":{"footnotes":""},"categories":[14],"tags":[],"class_list":["post-10077","post","type-post","status-publish","format-standard","has-post-thumbnail","hentry","category-noticias"],"_links":{"self":[{"href":"https:\/\/centroguerrero.es\/en\/wp-json\/wp\/v2\/posts\/10077"}],"collection":[{"href":"https:\/\/centroguerrero.es\/en\/wp-json\/wp\/v2\/posts"}],"about":[{"href":"https:\/\/centroguerrero.es\/en\/wp-json\/wp\/v2\/types\/post"}],"author":[{"embeddable":true,"href":"https:\/\/centroguerrero.es\/en\/wp-json\/wp\/v2\/users\/25"}],"replies":[{"embeddable":true,"href":"https:\/\/centroguerrero.es\/en\/wp-json\/wp\/v2\/comments?post=10077"}],"version-history":[{"count":3,"href":"https:\/\/centroguerrero.es\/en\/wp-json\/wp\/v2\/posts\/10077\/revisions"}],"predecessor-version":[{"id":10079,"href":"https:\/\/centroguerrero.es\/en\/wp-json\/wp\/v2\/posts\/10077\/revisions\/10079"}],"wp:featuredmedia":[{"embeddable":true,"href":"https:\/\/centroguerrero.es\/en\/wp-json\/wp\/v2\/media\/10080"}],"wp:attachment":[{"href":"https:\/\/centroguerrero.es\/en\/wp-json\/wp\/v2\/media?parent=10077"}],"wp:term":[{"taxonomy":"category","embeddable":true,"href":"https:\/\/centroguerrero.es\/en\/wp-json\/wp\/v2\/categories?post=10077"},{"taxonomy":"post_tag","embeddable":true,"href":"https:\/\/centroguerrero.es\/en\/wp-json\/wp\/v2\/tags?post=10077"}],"curies":[{"name":"wp","href":"https:\/\/api.w.org\/{rel}","templated":true}]}}