{"id":16133,"date":"2024-06-28T09:16:31","date_gmt":"2024-06-28T07:16:31","guid":{"rendered":"https:\/\/centroguerrero.es\/?p=16133"},"modified":"2024-06-28T10:17:30","modified_gmt":"2024-06-28T08:17:30","slug":"convocatoria-abierta-iv-premio-granada-de-fondo-a-la-creacion-artistica","status":"publish","type":"post","link":"https:\/\/centroguerrero.es\/en\/convocatoria-abierta-iv-premio-granada-de-fondo-a-la-creacion-artistica\/","title":{"rendered":"CONVOCATORIA ABIERTA: IV PREMIO GRANADA DE FONDO A LA CREACI\u00d3N ART\u00cdSTICA"},"content":{"rendered":"<p>Ya est\u00e1 abierta la convocatoria del IV Premio Granada de Fondo, creado por la Diputaci\u00f3n de Granada con el objetivo de incentivar, promover y difundir la creaci\u00f3n art\u00edstica, en la misma l\u00ednea que su colecci\u00f3n de patrimonio art\u00edstico, conocida desde sus inicios en la d\u00e9cada de los ochenta como Granada de Fondo.<\/p>\n<p>Podr\u00e1 optar al premio cualquier persona f\u00edsica que no haya sido premiada en ediciones anteriores, cualquiera que sea su nacionalidad y que, en el momento en que se cierre el plazo de admisi\u00f3n de solicitudes de la presente convocatoria, haya cumplido 18 a\u00f1os.<\/p>\n<p>Habr\u00e1 un premio de 12.000 \u20ac para el ganador de la convocatoria, cuya obra pasar\u00e1 a formar parte de la Colecci\u00f3n Granada de Fondo de la Diputaci\u00f3n de Granada, y diez premios de 300 \u20ac para los finalistas de esta edici\u00f3n.<\/p>\n<p>Los artistas seleccionados adquieren el compromiso de presentar la obra para su exhibici\u00f3n en la exposici\u00f3n IV Premio Granada de Fondo prevista para diciembre de 2024.<\/p>\n<p>&nbsp;<\/p>\n<p>Las solicitudes se presentar\u00e1n en el Registro de la Sede Electr\u00f3nica de la Diputaci\u00f3n de Granada (<strong><a href=\"https:\/\/sede.dipgra.es\/opencms\/opencms\/sede\" target=\"_blank\" rel=\"noopener\">Sede Electr\u00f3nica Diputaci\u00f3n de Granada<\/a><\/strong>),\u00a0 seg\u00fan las indicaciones que se establecen en las bases, que est\u00e1n disponibles, junto con su anexo, en el Tabl\u00f3n de anuncios de la Diputaci\u00f3n de Granada (<strong><a href=\"https:\/\/moad.dipgra.es\/moad\/Gtablon_web-moad\/bandejaAnuncios.htm;jsessionid=0BB592B1DDA3FFDFD865D0654135800A?cid=11126\" target=\"_blank\" rel=\"noopener\">Tabl\u00f3n de Anuncios<\/a><\/strong>), o en este enlace:<\/p>\n<p><strong><a href=\"https:\/\/centroguerrero.es\/wp-content\/uploads\/2024\/06\/CERTIFICADO_N_12_JUNTA_GOBIERNO_10_06_2024-1.pdf\" target=\"_blank\" rel=\"noopener\">Bases IV Premio Granada de Fondo<\/a><\/strong><\/p>\n<p>&nbsp;<\/p>\n<p>El <strong>plazo de presentaci\u00f3n<\/strong> estar\u00e1 abierto hasta las <strong>12:00 horas p.m. del d\u00eda 16 de septiembre de 2024<\/strong><\/p>\n","protected":false},"excerpt":{"rendered":"<p>Ya est\u00e1 abierta la convocatoria del IV Premio Granada de Fondo, creado por la Diputaci\u00f3n de Granada con el objetivo de incentivar, promover y difundir la creaci\u00f3n art\u00edstica, en la misma l\u00ednea que su colecci\u00f3n de patrimonio art\u00edstico, conocida desde sus inicios en la d\u00e9cada de los ochenta como Granada de Fondo. Podr\u00e1 optar al [&hellip;]<\/p>\n","protected":false},"author":25,"featured_media":16134,"comment_status":"closed","ping_status":"closed","sticky":false,"template":"","format":"standard","meta":{"footnotes":""},"categories":[14],"tags":[],"class_list":["post-16133","post","type-post","status-publish","format-standard","has-post-thumbnail","hentry","category-noticias"],"_links":{"self":[{"href":"https:\/\/centroguerrero.es\/en\/wp-json\/wp\/v2\/posts\/16133"}],"collection":[{"href":"https:\/\/centroguerrero.es\/en\/wp-json\/wp\/v2\/posts"}],"about":[{"href":"https:\/\/centroguerrero.es\/en\/wp-json\/wp\/v2\/types\/post"}],"author":[{"embeddable":true,"href":"https:\/\/centroguerrero.es\/en\/wp-json\/wp\/v2\/users\/25"}],"replies":[{"embeddable":true,"href":"https:\/\/centroguerrero.es\/en\/wp-json\/wp\/v2\/comments?post=16133"}],"version-history":[{"count":6,"href":"https:\/\/centroguerrero.es\/en\/wp-json\/wp\/v2\/posts\/16133\/revisions"}],"predecessor-version":[{"id":17015,"href":"https:\/\/centroguerrero.es\/en\/wp-json\/wp\/v2\/posts\/16133\/revisions\/17015"}],"wp:featuredmedia":[{"embeddable":true,"href":"https:\/\/centroguerrero.es\/en\/wp-json\/wp\/v2\/media\/16134"}],"wp:attachment":[{"href":"https:\/\/centroguerrero.es\/en\/wp-json\/wp\/v2\/media?parent=16133"}],"wp:term":[{"taxonomy":"category","embeddable":true,"href":"https:\/\/centroguerrero.es\/en\/wp-json\/wp\/v2\/categories?post=16133"},{"taxonomy":"post_tag","embeddable":true,"href":"https:\/\/centroguerrero.es\/en\/wp-json\/wp\/v2\/tags?post=16133"}],"curies":[{"name":"wp","href":"https:\/\/api.w.org\/{rel}","templated":true}]}}