{"id":6853,"date":"2016-11-22T12:32:35","date_gmt":"2016-11-22T12:32:35","guid":{"rendered":"https:\/\/centroguerrero.es\/?p=6853"},"modified":"2016-11-24T11:25:38","modified_gmt":"2016-11-24T11:25:38","slug":"francisco-baena-nuevo-director-del-centro-jose-guerrero","status":"publish","type":"post","link":"https:\/\/centroguerrero.es\/en\/francisco-baena-nuevo-director-del-centro-jose-guerrero\/","title":{"rendered":"Francisco Baena, nuevo director del Centro Jos\u00e9 Guerrero"},"content":{"rendered":"<p>Funcionario de la instituci\u00f3n provincial desde 1999, ocupaba el puesto de forma interina desde la marcha de Yolanda Romero en 2015.<\/p>\n<p>Como resultado del concurso abierto a mediados de septiembre para la provisi\u00f3n del puesto, Francisco Baena ha sido nombrado oficialmente nuevo director del Centro Jos\u00e9 Guerrero de la Diputaci\u00f3n de Granada, despu\u00e9s de ocupar el puesto durante un a\u00f1o y medio en comisi\u00f3n de servicios tras la marcha de su anterior directora, Yolanda Romero. Baena es T\u00e9cnico del \u00c1rea de Cultura de la instituci\u00f3n provincial desde el a\u00f1o 1999, form\u00f3 parte del equipo que puso en marcha el Centro Guerrero, inaugurado el 14 de junio de 2000, y ha sido desde entonces coordinador de exposiciones de dicho museo y de las salas del Palacio de los Condes de Gabia.<\/p>\n<p>Baena ha tomado hoy posesi\u00f3n del cargo en presencia de la diputada provincial de Cultura y Memoria Hist\u00f3rica y Democr\u00e1tica, F\u00e1tima G\u00f3mez y ha manifestado que \u201cformo parte del Centro Jos\u00e9 Guerrero desde unos meses antes de su apertura al p\u00fablico. Me identifico con el Centro, su legado, su evoluci\u00f3n y, por encima de todo, su misi\u00f3n. Creo conocer bien su alcance y limitaciones, sus posibilidades de actuaci\u00f3n y su trascendencia. Se trata de una obra colectiva de la que todos, trabajadores y usuarios, podemos sentirnos orgullosos. Por eso mi propuesta es la continuidad. Naturalmente, tratando de mejorar, en la medida que est\u00e9 en nuestras manos, las carencias o debilidades que se vayan observando, siempre con la vista puesta en el ejemplo de Jos\u00e9 Guerrero\u201d.<\/p>\n<p>Precisamente, el nuevo director del Centro Guerrero tuvo la oportunidad de conocer al\u00a0 pintor granadino en dos ocasiones: la primera, siendo ni\u00f1o durante una visita escolar a la exposici\u00f3n antol\u00f3gica de Jos\u00e9 Guerrero en la Sala de las Alhajas de Madrid; y la segunda, como alumno del taller que imparti\u00f3 el artista en el C\u00edrculo de Bellas Artes de Madrid en 1988. En esta ocasi\u00f3n, trat\u00f3 personalmente a Guerrero durante un mes y recuerda de \u00e9l sus relatos, su capacidad docente y su enorme curiosidad. Entonces, nunca lleg\u00f3 a imaginar que un d\u00eda ser\u00eda el director del museo que lleva su nombre y vela por su legado.<\/p>\n<p>Francisco Baena D\u00edaz (Madrid, 1967) es licenciado en Bellas Artes por la Universidad de Granada, M\u00e1ster del Instituto de Est\u00e9tica y Teor\u00eda de las Artes de Madrid y doctor en Filosof\u00eda y Letras por la Universidad Aut\u00f3noma de Madrid con una tesis titulada <em>La huella de la luz. Una teor\u00eda para el texto fotogr\u00e1fico<\/em>. Es funcionario de carrera de la Diputaci\u00f3n de Granada desde 1999 como T\u00e9cnico Superior de Servicios Culturales del departamento de Artes Pl\u00e1sticas del \u00c1rea de Cultura y entre sus funciones ha estado la de coordinar las exposiciones del Centro Guerrero y del Palacio de los Condes de Gabia.<\/p>\n<p>Entre otras muchas, ha comisariado en el Palacio de los Condes de Gabia<em> Huellas de luz granadina<\/em> (2000), <em>Santiago Yd\u00e1\u00f1ez<\/em> (2001) y <em>Paco Pomet: Contra a Inercia<\/em> (2012) y en el Centro Jos\u00e9 Guerrero, <em>Jos\u00e9 Guerrero: Los a\u00f1os primeros<\/em> (2009), <em>Jes\u00fas Gonz\u00e1lez Requena: Escenas fantasm\u00e1ticas. Un di\u00e1logo secreto entre Alfred Hitchcock y Luis Bu\u00f1uel<\/em> (2011) y<em> Jos\u00e9 Guerrero: The Presence of Black<\/em> (2014), con la que se cerr\u00f3 el centenario del pintor.<\/p>\n<p>Antes de incorporarse a la plantilla de la instituci\u00f3n provincial, Baena trabaj\u00f3 como \u201cfree lance\u201d en distintas empresas culturales, como la editorial Pre-textos (Valencia) o la productora cinematogr\u00e1fica \u201cEl Im\u00e1n\u201d de Jos\u00e9 Luis Borau. Escribe habitualmente art\u00edculos en revistas de arte y cat\u00e1logos de exposiciones y ha publicado el ensayo sobre la fotograf\u00eda \u201cVendas para los ojos\u201d (2007) y las obras de narrativa \u201cOlor a sangre en la nariz\u201d (2010), \u201cLuz corriente\u201d (2014)\u00a0 y \u201cEco oscuro\u201d (2016). Adem\u00e1s, es vocalista de la banda de pop granadina Punk Bur\u00f3, un bagaje que cubre un amplio espectro cultural y que asegura una l\u00ednea de trabajo multidisciplinar para el Centro Jos\u00e9 Guerrero.<\/p>\n<p><em>Hemos extractado de la solicitud con la que concurs\u00f3 una peque\u00f1a nota autobiogr\u00e1fica y las p\u00e1ginas en las que presenta su \u201cIdea de direcci\u00f3n<\/em>\u201d.<\/p>\n<p><a href=\"https:\/\/centroguerrero.es\/wp-content\/uploads\/2016\/11\/nota-autobiogr\u00e1fica.pdf\" target=\"_blank\">Nota autobiografica<\/a><\/p>\n<p><a href=\"https:\/\/centroguerrero.es\/wp-content\/uploads\/2016\/11\/idea-de-direcci\u00f3n.pdf\" target=\"_blank\">Idea de direccion<\/a><\/p>\n","protected":false},"excerpt":{"rendered":"<p>Funcionario de la instituci\u00f3n provincial desde 1999, ocupaba el puesto de forma interina desde la marcha de Yolanda Romero en 2015. Como resultado del concurso abierto a mediados de septiembre para la provisi\u00f3n del puesto, Francisco Baena ha sido nombrado oficialmente nuevo director del Centro Jos\u00e9 Guerrero de la Diputaci\u00f3n de Granada, despu\u00e9s de ocupar [&hellip;]<\/p>\n","protected":false},"author":25,"featured_media":6854,"comment_status":"closed","ping_status":"closed","sticky":false,"template":"","format":"standard","meta":{"footnotes":""},"categories":[14],"tags":[],"class_list":["post-6853","post","type-post","status-publish","format-standard","has-post-thumbnail","hentry","category-noticias"],"_links":{"self":[{"href":"https:\/\/centroguerrero.es\/en\/wp-json\/wp\/v2\/posts\/6853"}],"collection":[{"href":"https:\/\/centroguerrero.es\/en\/wp-json\/wp\/v2\/posts"}],"about":[{"href":"https:\/\/centroguerrero.es\/en\/wp-json\/wp\/v2\/types\/post"}],"author":[{"embeddable":true,"href":"https:\/\/centroguerrero.es\/en\/wp-json\/wp\/v2\/users\/25"}],"replies":[{"embeddable":true,"href":"https:\/\/centroguerrero.es\/en\/wp-json\/wp\/v2\/comments?post=6853"}],"version-history":[{"count":0,"href":"https:\/\/centroguerrero.es\/en\/wp-json\/wp\/v2\/posts\/6853\/revisions"}],"wp:featuredmedia":[{"embeddable":true,"href":"https:\/\/centroguerrero.es\/en\/wp-json\/wp\/v2\/media\/6854"}],"wp:attachment":[{"href":"https:\/\/centroguerrero.es\/en\/wp-json\/wp\/v2\/media?parent=6853"}],"wp:term":[{"taxonomy":"category","embeddable":true,"href":"https:\/\/centroguerrero.es\/en\/wp-json\/wp\/v2\/categories?post=6853"},{"taxonomy":"post_tag","embeddable":true,"href":"https:\/\/centroguerrero.es\/en\/wp-json\/wp\/v2\/tags?post=6853"}],"curies":[{"name":"wp","href":"https:\/\/api.w.org\/{rel}","templated":true}]}}