{"id":6936,"date":"2017-01-27T11:48:21","date_gmt":"2017-01-27T11:48:21","guid":{"rendered":"https:\/\/centroguerrero.es\/?p=6936"},"modified":"2017-03-10T10:28:18","modified_gmt":"2017-03-10T10:28:18","slug":"photobook-club-granada-visita-centro-miercoles-1-febrero1930h","status":"publish","type":"post","link":"https:\/\/centroguerrero.es\/en\/photobook-club-granada-visita-centro-miercoles-1-febrero1930h\/","title":{"rendered":"Photobook Club Granada visita el Centro &#8211; Mi\u00e9rcoles 1 de febrero 2017 \/ 19:30h"},"content":{"rendered":"<p style=\"margin-bottom: 4.5pt; background: white;\">El pr\u00f3ximo mi\u00e9rcoles 1 de febrero, a las 19:30h el grupo Photobook Club Granada se reunir\u00e1\u00a0de nuevo para compartir libros.\u00a0Lo har\u00e1n en el Centro Jos\u00e9 Guerrero, coincidiendo con la \u00faltima semana de la exposici\u00f3n <em>Nueva York en fotolibros<\/em>.<br \/>\nEn esta ocasi\u00f3n la sesi\u00f3n girar\u00e1 en torno al concepto \u201cciudad\u201d; por lo que os piden que traig\u00e1is fotolibros centrados en ciudades.\u00a0Pueden ser peque\u00f1as o grandes, puede ser Nueva York o no serlo.<br \/>\nHay espacio para unas 15 personas, as\u00ed que no olvid\u00e9is confirmar vuestra asistencia enviando un mail a <a href=\"mailto:photobookclubgranada@gmail.com\" target=\"_blank\">photobookclubgranada@gmail.com<\/a> o un mensaje a su p\u00e1gina de Facebook.<\/p>\n<p style=\"margin-bottom: 4.5pt; background: white;\">Os animamos a asistir, y a que hag\u00e1is fotos de la exposici\u00f3n y nos las envi\u00e9is para participar en el Fotolibro de <em>Nueva York en fotolibros<\/em>.<br \/>\nM\u00e1s informaci\u00f3n <a href=\"https:\/\/centroguerrero.es\/actividades\/photobook-club-granada-1-febrero-2017\/\">aqu\u00ed<\/a><\/p>\n","protected":false},"excerpt":{"rendered":"<p>Asiste a la sesi\u00f3n de Photobook Club Granada en el Centro Jos\u00e9 Guerrero el 1 de febrero.<\/p>\n","protected":false},"author":25,"featured_media":6941,"comment_status":"closed","ping_status":"closed","sticky":false,"template":"","format":"standard","meta":{"footnotes":""},"categories":[14],"tags":[],"class_list":["post-6936","post","type-post","status-publish","format-standard","has-post-thumbnail","hentry","category-noticias"],"_links":{"self":[{"href":"https:\/\/centroguerrero.es\/en\/wp-json\/wp\/v2\/posts\/6936"}],"collection":[{"href":"https:\/\/centroguerrero.es\/en\/wp-json\/wp\/v2\/posts"}],"about":[{"href":"https:\/\/centroguerrero.es\/en\/wp-json\/wp\/v2\/types\/post"}],"author":[{"embeddable":true,"href":"https:\/\/centroguerrero.es\/en\/wp-json\/wp\/v2\/users\/25"}],"replies":[{"embeddable":true,"href":"https:\/\/centroguerrero.es\/en\/wp-json\/wp\/v2\/comments?post=6936"}],"version-history":[{"count":0,"href":"https:\/\/centroguerrero.es\/en\/wp-json\/wp\/v2\/posts\/6936\/revisions"}],"wp:featuredmedia":[{"embeddable":true,"href":"https:\/\/centroguerrero.es\/en\/wp-json\/wp\/v2\/media\/6941"}],"wp:attachment":[{"href":"https:\/\/centroguerrero.es\/en\/wp-json\/wp\/v2\/media?parent=6936"}],"wp:term":[{"taxonomy":"category","embeddable":true,"href":"https:\/\/centroguerrero.es\/en\/wp-json\/wp\/v2\/categories?post=6936"},{"taxonomy":"post_tag","embeddable":true,"href":"https:\/\/centroguerrero.es\/en\/wp-json\/wp\/v2\/tags?post=6936"}],"curies":[{"name":"wp","href":"https:\/\/api.w.org\/{rel}","templated":true}]}}