{"id":6966,"date":"2017-02-10T13:15:19","date_gmt":"2017-02-10T13:15:19","guid":{"rendered":"https:\/\/centroguerrero.es\/?p=6966"},"modified":"2017-02-13T08:42:32","modified_gmt":"2017-02-13T08:42:32","slug":"inauguracion-manigua-hilo-invisible-viernes-17-febrero-15h","status":"publish","type":"post","link":"https:\/\/centroguerrero.es\/en\/inauguracion-manigua-hilo-invisible-viernes-17-febrero-15h\/","title":{"rendered":"Inauguraci\u00f3n &#8220;Manigua. El hilo invisible&#8221; &#8211; E.A. Jos\u00e9 Nogu\u00e9, Jaen -Viernes 17 febrero 2017 \/ 15h"},"content":{"rendered":"<p>Dentro de <em>\u00d3rbitas<\/em>, <em>I Encuentro de dise\u00f1adores estelares<\/em>\u00a0organizado por la Escuela de Arte Jos\u00e9 Nogu\u00e9 de Jaen, el pr\u00f3ximo viernes 17 de febrero, a las 15h, se inaugura en la propia Escuela\u00a0la exposici\u00f3n <strong><em>Manigua. El hilo invisible<\/em><\/strong>, que recoge una selecci\u00f3n del trabajo de dise\u00f1o y comunicaci\u00f3n cultural de los \u00faltimos XX\u00a0a\u00f1os a cargo de Manigua.<br \/>\nLa parte dedicada a la difusi\u00f3n de las artes pl\u00e1sticas est\u00e1 representada por los encargos del Centro Jos\u00e9 Guerrero al estudio, desde <em>Melodrama<\/em> o <em>Laocoonte devorado<\/em> hasta <em>Soledad Sevilla <\/em>m\u00e1s recientemente<em>.<\/em><\/p>\n<p>M\u00e1s informaci\u00f3n:<a href=\"http:\/\/orbitasjaen.es\/\" target=\"_blank\">\u00a0orbitasjaen.es<\/a><\/p>\n","protected":false},"excerpt":{"rendered":"<p>Dentro de \u00d3rbitas, I Encuentro de dise\u00f1adores estelares\u00a0organizado por la Escuela de Arte Jos\u00e9 Nogu\u00e9 de Jaen, el pr\u00f3ximo viernes 17 de febrero, a las 15h, se inaugura en la propia Escuela\u00a0la exposici\u00f3n Manigua. El hilo invisible, que recoge una selecci\u00f3n del trabajo de dise\u00f1o y comunicaci\u00f3n cultural de los \u00faltimos XX\u00a0a\u00f1os a cargo de [&hellip;]<\/p>\n","protected":false},"author":25,"featured_media":6967,"comment_status":"closed","ping_status":"closed","sticky":false,"template":"","format":"standard","meta":{"footnotes":""},"categories":[14],"tags":[],"class_list":["post-6966","post","type-post","status-publish","format-standard","has-post-thumbnail","hentry","category-noticias"],"_links":{"self":[{"href":"https:\/\/centroguerrero.es\/en\/wp-json\/wp\/v2\/posts\/6966"}],"collection":[{"href":"https:\/\/centroguerrero.es\/en\/wp-json\/wp\/v2\/posts"}],"about":[{"href":"https:\/\/centroguerrero.es\/en\/wp-json\/wp\/v2\/types\/post"}],"author":[{"embeddable":true,"href":"https:\/\/centroguerrero.es\/en\/wp-json\/wp\/v2\/users\/25"}],"replies":[{"embeddable":true,"href":"https:\/\/centroguerrero.es\/en\/wp-json\/wp\/v2\/comments?post=6966"}],"version-history":[{"count":0,"href":"https:\/\/centroguerrero.es\/en\/wp-json\/wp\/v2\/posts\/6966\/revisions"}],"wp:featuredmedia":[{"embeddable":true,"href":"https:\/\/centroguerrero.es\/en\/wp-json\/wp\/v2\/media\/6967"}],"wp:attachment":[{"href":"https:\/\/centroguerrero.es\/en\/wp-json\/wp\/v2\/media?parent=6966"}],"wp:term":[{"taxonomy":"category","embeddable":true,"href":"https:\/\/centroguerrero.es\/en\/wp-json\/wp\/v2\/categories?post=6966"},{"taxonomy":"post_tag","embeddable":true,"href":"https:\/\/centroguerrero.es\/en\/wp-json\/wp\/v2\/tags?post=6966"}],"curies":[{"name":"wp","href":"https:\/\/api.w.org\/{rel}","templated":true}]}}