{"id":7742,"date":"2017-05-10T06:54:28","date_gmt":"2017-05-10T06:54:28","guid":{"rendered":"https:\/\/centroguerrero.es\/?p=7742\/"},"modified":"2017-05-25T07:02:37","modified_gmt":"2017-05-25T07:02:37","slug":"apartamento-magazine","status":"publish","type":"post","link":"https:\/\/centroguerrero.es\/en\/apartamento-magazine\/","title":{"rendered":"La casa de Bernard Rudofsky en Apartamento magazine"},"content":{"rendered":"<p>La prestigiosa revista <a href=\"https:\/\/www.apartamentomagazine.com\/\" target=\"_blank\" rel=\"noopener noreferrer\"><em><strong>apartamento<\/strong> <\/em><\/a>ha dedicado su n\u00famero #19 a Bernard Rudofsky, y en especial a la casa que construy\u00f3 junto a su mujer Berta en Frigiliana, M\u00e1laga.<\/p>\n<p>La Casa, es el nombre de la vivienda que Rudofsky construy\u00f3 en las estribaciones de la sierra de la Almijara, muy cerca de la de sus amigos Roxane y Jos\u00e9 Guerrero, protegida oficialmente por su valor monumental desde 2011 y considerada como su testamento ideol\u00f3gico y vital.\u00a0El art\u00edculo de la revista <a href=\"https:\/\/www.apartamentomagazine.com\/\" target=\"_blank\" rel=\"noopener noreferrer\"><em><strong>apartamento<\/strong> <\/em><\/a>transcribe la entrevista realizada a Andrea Bocco Guarneri, un \u00e1mplio conocedor de la vida y obra de Rudofsky, acompa\u00f1ada\u00a0de fotograf\u00edas de La Casa.<\/p>\n<p>Bernard Rudofsky (Moravia, 1905 \u2013 Nueva York, 1988) fue arquitecto, cr\u00edtico, comisario de exposiciones, editor, dise\u00f1ador de ropa y mobiliario, fot\u00f3grafo, investigador y profesor de universidades de prestigio en todo el mundo. Con motivo\u00a0de los\u00a0cincuenta a\u00f1os de la publicaci\u00f3n de <em>Architecture without Architects<\/em> <em>(Arquitectura sin arquitectos)<\/em>, una de sus obras m\u00e1s influyentes, que inspir\u00f3 a varias generaciones de arquitectos, el Centro Jos\u00e9 Guerrero le dedic\u00f3 una exposici\u00f3n en el a\u00f1o 2014: <strong><a href=\"https:\/\/centroguerrero.es\/expos\/bernard-rudofsky-desobediencia-critica-a-la-modernidad\/\"><em>Bernard Rudofsky. Desobediencia cr\u00edtica a la modernidad<\/em><\/a><\/strong>, un estudio estratificado de las \u00abnuevas formas de vida\u00bb a trav\u00e9s de \u00e1mbitos como el dise\u00f1o de ropa y de calzado, la cr\u00edtica hist\u00f3rica y los proyectos arquitect\u00f3nicos, que\u00a0culminaba con el estudio monogr\u00e1fico de La Casa.<\/p>\n<p>Con motivo de la exposici\u00f3n en el Centro, se edit\u00f3 el cat\u00e1logo <em><strong><a href=\"https:\/\/centroguerrero.es\/publicacion\/bernard-rudofcky-desobediencia-critica-la-modernidad\/\" target=\"_blank\" rel=\"noopener noreferrer\">Bernard Rudofsky. Desobediencia cr\u00edtica a la modernidad<\/a><\/strong>\u00a0<\/em>que conten\u00edan entre otros un texto de Andrea Bocco Guarneri.<\/p>\n<p><a href=\"https:\/\/centroguerrero.es\/wp-content\/uploads\/2016\/06\/BERNARD-RUD..jpg\"><img loading=\"lazy\" decoding=\"async\" class=\"alignnone size-medium wp-image-6558\" src=\"https:\/\/centroguerrero.es\/wp-content\/uploads\/2016\/06\/BERNARD-RUD.-223x300.jpg\" alt=\"\" width=\"223\" height=\"300\" srcset=\"https:\/\/centroguerrero.es\/wp-content\/uploads\/2016\/06\/BERNARD-RUD.-223x300.jpg 223w, https:\/\/centroguerrero.es\/wp-content\/uploads\/2016\/06\/BERNARD-RUD.-768x1033.jpg 768w, https:\/\/centroguerrero.es\/wp-content\/uploads\/2016\/06\/BERNARD-RUD.-766x1030.jpg 766w, https:\/\/centroguerrero.es\/wp-content\/uploads\/2016\/06\/BERNARD-RUD.-524x705.jpg 524w, https:\/\/centroguerrero.es\/wp-content\/uploads\/2016\/06\/BERNARD-RUD.-450x605.jpg 450w, https:\/\/centroguerrero.es\/wp-content\/uploads\/2016\/06\/BERNARD-RUD..jpg 878w\" sizes=\"(max-width: 223px) 100vw, 223px\" \/><\/a><\/p>\n<p>+ <a href=\"http:\/\/blogcentroguerrero.org\/?s=bernard+rudofsky\" target=\"_blank\" rel=\"noopener noreferrer\">informaci\u00f3n sobre Rudofsky en nuestro blog<\/a><\/p>\n","protected":false},"excerpt":{"rendered":"<p>La prestigiosa revista apartamento ha dedicado su n\u00famero #19 a Bernard Rudofsky, y en especial a la casa que construy\u00f3 junto a su mujer Berta en Frigiliana, M\u00e1laga.<\/p>\n","protected":false},"author":25,"featured_media":7743,"comment_status":"closed","ping_status":"closed","sticky":false,"template":"","format":"standard","meta":{"footnotes":""},"categories":[14],"tags":[],"class_list":["post-7742","post","type-post","status-publish","format-standard","has-post-thumbnail","hentry","category-noticias"],"_links":{"self":[{"href":"https:\/\/centroguerrero.es\/en\/wp-json\/wp\/v2\/posts\/7742"}],"collection":[{"href":"https:\/\/centroguerrero.es\/en\/wp-json\/wp\/v2\/posts"}],"about":[{"href":"https:\/\/centroguerrero.es\/en\/wp-json\/wp\/v2\/types\/post"}],"author":[{"embeddable":true,"href":"https:\/\/centroguerrero.es\/en\/wp-json\/wp\/v2\/users\/25"}],"replies":[{"embeddable":true,"href":"https:\/\/centroguerrero.es\/en\/wp-json\/wp\/v2\/comments?post=7742"}],"version-history":[{"count":0,"href":"https:\/\/centroguerrero.es\/en\/wp-json\/wp\/v2\/posts\/7742\/revisions"}],"wp:featuredmedia":[{"embeddable":true,"href":"https:\/\/centroguerrero.es\/en\/wp-json\/wp\/v2\/media\/7743"}],"wp:attachment":[{"href":"https:\/\/centroguerrero.es\/en\/wp-json\/wp\/v2\/media?parent=7742"}],"wp:term":[{"taxonomy":"category","embeddable":true,"href":"https:\/\/centroguerrero.es\/en\/wp-json\/wp\/v2\/categories?post=7742"},{"taxonomy":"post_tag","embeddable":true,"href":"https:\/\/centroguerrero.es\/en\/wp-json\/wp\/v2\/tags?post=7742"}],"curies":[{"name":"wp","href":"https:\/\/api.w.org\/{rel}","templated":true}]}}