{"id":7752,"date":"2017-05-26T09:55:06","date_gmt":"2017-05-26T09:55:06","guid":{"rendered":"https:\/\/centroguerrero.es\/?p=7752\/"},"modified":"2017-05-26T10:18:17","modified_gmt":"2017-05-26T10:18:17","slug":"taller-irrupcion-la-idea-libertad","status":"publish","type":"post","link":"https:\/\/centroguerrero.es\/en\/taller-irrupcion-la-idea-libertad\/","title":{"rendered":"Taller &#8220;Irrupci\u00f3n en la idea de libertad&#8221; &#8211; 30 mayo al 3 junio 2017"},"content":{"rendered":"<p>Durante la pr\u00f3xima semana, de martes a viernes por la tarde y s\u00e1bado por la ma\u00f1ana, coincidiendo con el horario de apertura al p\u00fablico, se desarrollar\u00e1 en los espacios del Centro Jos\u00e9 Guerrero la primera fase del proyecto\u00a0<strong><em>Bailar \u00bfes eso lo que quer\u00e9is?<\/em><\/strong>, que consiste en un Taller llevado a cabo por los 15 seleccionados en la <a href=\"https:\/\/centroguerrero.es\/actividades\/convocatoria-bailar-lo-quereis\/\"><strong>Convocatoria<\/strong> <\/a>y los organizadores: Jaime Conde-Salazar,\u00a0Elena C\u00f3rdoba y\u00a0Ana Buitrago.<\/p>\n<p><strong>Taller <\/strong><em><strong>Irrupci\u00f3n en la idea de libertad<\/strong><br \/>\n<\/em>Del 30 de mayo al 3 de junio de 2017<br \/>\nCentro Jos\u00e9 Guerrero<\/p>\n<p><a href=\"http:\/\/www.tea-tron.com\/bailaresesoloquequereis\/blog\/?cat=68\" target=\"_blank\" rel=\"noopener noreferrer\">+info<\/a><\/p>\n<p>Rogamos disculpen las molestias que pueda ocasionar a la visita de la exposici\u00f3n actual.<\/p>\n<p>&nbsp;<\/p>\n","protected":false},"excerpt":{"rendered":"<p>Durante la pr\u00f3xima semana, de martes a viernes por la tarde y s\u00e1bado por la ma\u00f1ana, coincidiendo con el horario de apertura al p\u00fablico, se desarrollar\u00e1 en los espacios del Centro Jos\u00e9 Guerrero la primera fase del proyecto\u00a0Bailar \u00bfes eso lo que quer\u00e9is?, que consiste en un Taller llevado a cabo por los 15 seleccionados [&hellip;]<\/p>\n","protected":false},"author":25,"featured_media":7643,"comment_status":"closed","ping_status":"closed","sticky":false,"template":"","format":"standard","meta":{"footnotes":""},"categories":[14],"tags":[],"class_list":["post-7752","post","type-post","status-publish","format-standard","has-post-thumbnail","hentry","category-noticias"],"_links":{"self":[{"href":"https:\/\/centroguerrero.es\/en\/wp-json\/wp\/v2\/posts\/7752"}],"collection":[{"href":"https:\/\/centroguerrero.es\/en\/wp-json\/wp\/v2\/posts"}],"about":[{"href":"https:\/\/centroguerrero.es\/en\/wp-json\/wp\/v2\/types\/post"}],"author":[{"embeddable":true,"href":"https:\/\/centroguerrero.es\/en\/wp-json\/wp\/v2\/users\/25"}],"replies":[{"embeddable":true,"href":"https:\/\/centroguerrero.es\/en\/wp-json\/wp\/v2\/comments?post=7752"}],"version-history":[{"count":0,"href":"https:\/\/centroguerrero.es\/en\/wp-json\/wp\/v2\/posts\/7752\/revisions"}],"wp:featuredmedia":[{"embeddable":true,"href":"https:\/\/centroguerrero.es\/en\/wp-json\/wp\/v2\/media\/7643"}],"wp:attachment":[{"href":"https:\/\/centroguerrero.es\/en\/wp-json\/wp\/v2\/media?parent=7752"}],"wp:term":[{"taxonomy":"category","embeddable":true,"href":"https:\/\/centroguerrero.es\/en\/wp-json\/wp\/v2\/categories?post=7752"},{"taxonomy":"post_tag","embeddable":true,"href":"https:\/\/centroguerrero.es\/en\/wp-json\/wp\/v2\/tags?post=7752"}],"curies":[{"name":"wp","href":"https:\/\/api.w.org\/{rel}","templated":true}]}}