{"id":7760,"date":"2017-05-30T10:16:59","date_gmt":"2017-05-30T10:16:59","guid":{"rendered":"https:\/\/centroguerrero.es\/?p=7760\/"},"modified":"2017-06-02T10:31:25","modified_gmt":"2017-06-02T10:31:25","slug":"exposicion-duane-michals-fund-mapfre-barcelona-31-05-17","status":"publish","type":"post","link":"https:\/\/centroguerrero.es\/en\/exposicion-duane-michals-fund-mapfre-barcelona-31-05-17\/","title":{"rendered":"Inauguraci\u00f3n &#8220;Duane Michals&#8221; &#8211; Fund. Mapfre Barcelona &#8211; 31.05.17"},"content":{"rendered":"<p>El 31 de mayo se inaugura\u00a0una muestra\u00a0<strong>retrospectiva<\/strong> dedicada a la obra del <strong>fot\u00f3grafo estadounidense Duane Michals<\/strong>, en la\u00a0Sala Fundaci\u00f3n MAPFRE de Barcelona, Casa Garriga i Nogu\u00e9s.\u00a0Se podr\u00e1 visitar hasta el 10 de septiembre de 2017.<\/p>\n<p>El recorrido expositivo se distribuye en etapas sucesivas que muestran las diferentes modalidades expresivas inventadas paulatinamente por el fot\u00f3grafo, as\u00ed como las diferentes series realizadas sobre temas concretos a lo largo del tiempo. Michals tiene 84 a\u00f1os y sigue creando: haciendo fotograf\u00edas e inventando t\u00e9cnicas que respondan a su necesidad de expresarse.<\/p>\n<p><strong>De enero a abril de 2018 se mostrar\u00e1 en las salas del Centro Jos\u00e9 Guerrero de Granada.<\/strong><br \/>\nPosteriormente,\u00a0de mayo a septiembre, visitar\u00e1\u00a0el Museo Ettore Fico de Tur\u00edn.<\/p>\n<p><strong>La exposici\u00f3n Duane Michals es una producci\u00f3n de Fundaci\u00f3n MAPFRE, comisariada por Enrica Vigan\u00f3<\/strong><\/p>\n<p><a href=\"https:\/\/centroguerrero.es\/wp-content\/uploads\/2017\/06\/duane-michals-894x_tcm1069-402108.jpg\"><img loading=\"lazy\" decoding=\"async\" class=\"alignnone wp-image-7761 size-full\" src=\"https:\/\/centroguerrero.es\/wp-content\/uploads\/2017\/06\/duane-michals-894x_tcm1069-402108.jpg\" alt=\"\" width=\"894\" height=\"484\" srcset=\"https:\/\/centroguerrero.es\/wp-content\/uploads\/2017\/06\/duane-michals-894x_tcm1069-402108.jpg 894w, https:\/\/centroguerrero.es\/wp-content\/uploads\/2017\/06\/duane-michals-894x_tcm1069-402108-300x162.jpg 300w, https:\/\/centroguerrero.es\/wp-content\/uploads\/2017\/06\/duane-michals-894x_tcm1069-402108-768x416.jpg 768w, https:\/\/centroguerrero.es\/wp-content\/uploads\/2017\/06\/duane-michals-894x_tcm1069-402108-705x382.jpg 705w, https:\/\/centroguerrero.es\/wp-content\/uploads\/2017\/06\/duane-michals-894x_tcm1069-402108-450x244.jpg 450w\" sizes=\"(max-width: 894px) 100vw, 894px\" \/><\/a><\/p>\n<h6><strong>Duane Michals<\/strong>, <em>Dr. Heisenberg\u2019s Magic Mirror of Uncertainty<\/em>, 1998 [El espejo m\u00e1gico de la incertidumbre del Dr. Heisenberg] Secuencia de 6 copias en gelatina de plata con texto manuscrito. Cortes\u00eda de DC Moore Gallery, Nueva York \u00a9 Duane Michals<\/h6>\n<p>&nbsp;<\/p>\n<h2>La exposici\u00f3n<\/h2>\n<p><strong>Artista en equilibrio entre la fotograf\u00eda y la poes\u00eda<\/strong>, Duane Michals (McKeesport, Pennsylvania, 1932) es uno de los <strong>nombres m\u00e1s prestigiosos de la vanguardia norteamericana<\/strong>. En los a\u00f1os sesenta plantea una <strong>nueva aproximaci\u00f3n a la fotograf\u00eda que no pretende documentar los hechos o la &#8220;verdad,\u00a0 sino ocuparse de los aspectos metaf\u00edsicos de la vida<\/strong>. A trav\u00e9s de una obra muy personal y de una originalidad extraordinaria, Duane Michals <strong>ha desdibujado las fronteras entre la fotograf\u00eda y otras disciplinas como la poes\u00eda o la pintura, convirti\u00e9ndose en uno de los artistas que con mayor intensidad ha renovado el lenguaje fotogr\u00e1fico durante los \u00faltimos sesenta a\u00f1os<\/strong>.<\/p>\n<p>En una \u00e9poca marcada por el fotoperiodismo, rechaz\u00f3 las limitaciones de esa corriente y <strong>se acerc\u00f3 a la narraci\u00f3n cinematogr\u00e1fica a trav\u00e9s del uso de secuencias fotogr\u00e1ficas cuidadosamente construidas<\/strong>. Asimismo, <strong>traspas\u00f3 los l\u00edmites del medio, incorporando sobre sus copias positivadas textos manuscritos<\/strong> que a\u00f1aden una dimensi\u00f3n m\u00e1s profunda a sus fotograf\u00edas. <strong>Con una t\u00e9cnica y una iluminaci\u00f3n poco complicadas y una escenograf\u00eda muy cuidada, en su obra se aproxima a las grandes cuestiones del ser humano, en muchas ocasiones a trav\u00e9s del juego y la iron\u00eda<\/strong>.<\/p>\n<p>Con estos elementos construye tambi\u00e9n sus retratos, en los que intenta reflejar no tanto el f\u00edsico de su modelo sino m\u00e1s bien su identidad y los elementos que mejor le caracterizan. Independientemente del medio y del tema que aborde, la personalidad, las preocupaciones y el sentido del humor de Michals desbordan todas sus obras.<\/p>\n<p>+ informaci\u00f3n: <a href=\"https:\/\/www.fundacionmapfre.org\/fundacion\/es_es\/exposiciones\/sala-casa-garriga-nogues\/fotografia-duane-michals.jsp\" target=\"_blank\" rel=\"noopener noreferrer\">Fundaci\u00f3n Mapfre<\/a><\/p>\n","protected":false},"excerpt":{"rendered":"<p>El 31 de mayo se inaugura una muestra retrospectiva dedicada a la obra del fot\u00f3grafo estadounidense Duane Michals, en la Sala Fundaci\u00f3n MAPFRE de Barcelona, Casa Garriga i Nogu\u00e9s. Se podr\u00e1 visitar hasta el 10 de septiembre de 2017.<\/p>\n","protected":false},"author":25,"featured_media":7768,"comment_status":"closed","ping_status":"closed","sticky":false,"template":"","format":"standard","meta":{"footnotes":""},"categories":[14],"tags":[],"class_list":["post-7760","post","type-post","status-publish","format-standard","has-post-thumbnail","hentry","category-noticias"],"_links":{"self":[{"href":"https:\/\/centroguerrero.es\/en\/wp-json\/wp\/v2\/posts\/7760"}],"collection":[{"href":"https:\/\/centroguerrero.es\/en\/wp-json\/wp\/v2\/posts"}],"about":[{"href":"https:\/\/centroguerrero.es\/en\/wp-json\/wp\/v2\/types\/post"}],"author":[{"embeddable":true,"href":"https:\/\/centroguerrero.es\/en\/wp-json\/wp\/v2\/users\/25"}],"replies":[{"embeddable":true,"href":"https:\/\/centroguerrero.es\/en\/wp-json\/wp\/v2\/comments?post=7760"}],"version-history":[{"count":0,"href":"https:\/\/centroguerrero.es\/en\/wp-json\/wp\/v2\/posts\/7760\/revisions"}],"wp:featuredmedia":[{"embeddable":true,"href":"https:\/\/centroguerrero.es\/en\/wp-json\/wp\/v2\/media\/7768"}],"wp:attachment":[{"href":"https:\/\/centroguerrero.es\/en\/wp-json\/wp\/v2\/media?parent=7760"}],"wp:term":[{"taxonomy":"category","embeddable":true,"href":"https:\/\/centroguerrero.es\/en\/wp-json\/wp\/v2\/categories?post=7760"},{"taxonomy":"post_tag","embeddable":true,"href":"https:\/\/centroguerrero.es\/en\/wp-json\/wp\/v2\/tags?post=7760"}],"curies":[{"name":"wp","href":"https:\/\/api.w.org\/{rel}","templated":true}]}}