{"id":8006,"date":"2017-11-29T12:48:19","date_gmt":"2017-11-29T12:48:19","guid":{"rendered":"https:\/\/centroguerrero.es\/?p=8006"},"modified":"2017-11-29T12:59:12","modified_gmt":"2017-11-29T12:59:12","slug":"xxiv-festival-internacional-arte-sonoro-musica-electroacustica-punto-encuentro-centro-2-diciembre-2017","status":"publish","type":"post","link":"https:\/\/centroguerrero.es\/en\/xxiv-festival-internacional-arte-sonoro-musica-electroacustica-punto-encuentro-centro-2-diciembre-2017\/","title":{"rendered":"XXIV Festival Internacional de Arte Sonoro y M\u00fasica Electroac\u00fastica \u201cPunto de Encuentro\u201d &#8211; en el Centro el 2 de diciembre de 2017"},"content":{"rendered":"<p><strong>XXIV Festival Internacional de Arte Sonoro y M\u00fasica Electroac\u00fastica \u201cPunto de Encuentro\u201d en Granada \u2013 30\u00ba Aniversario de la AMEE<\/strong><\/p>\n<p><strong>2 diciembre 2017 \u2013 Centro Jos\u00e9 Guerrero<\/strong><\/p>\n<p>Centro Jos\u00e9 Guerrero, 2\u00aa Planta<br \/>\nCalle Oficios, 8, Granada<br \/>\nEntrada gratuita hasta completar aforo<\/p>\n<p><u>19:00 h. Concierto multicanal para soporte fijo<\/u><\/p>\n<p>\u201cIons refredats\u201d, para cinta (10&#8217;35&#8221;)<br \/>\nMerc\u00e8 Capdevila<\/p>\n<p>\u201cTics, cracks, chops &amp; others glamorous\u201d, 2011, para cinta (4&#8217;34&#8221;)<br \/>\nCarlos D. Perales<\/p>\n<p>\u201cEtude de sons\u201d, 2009, para soporte fijo (11&#8242;)<br \/>\nGregorio Jim\u00e9nez<\/p>\n<p>\u201cLe secret des petits sons\u201d, 2011, para soporte fijo (12&#8217;36&#8221;)<br \/>\nGregorio Jim\u00e9nez<\/p>\n<p>\u201cTaps\u201d, 2017, estreno absoluto, para soporte fijo (7&#8242;)<br \/>\nGregorio Jim\u00e9nez<\/p>\n<p>Gregorio Jim\u00e9nez (difusi\u00f3n de sonido multicanal)<\/p>\n<p><u>20:00 h. Concierto multicanal para soporte fijo<\/u><\/p>\n<p>\u201cLum\u00ednico\u201d, 2000-2017, M\u00e9xico (40&#8242;)<br \/>\nRodrigo Sigal<\/p>\n<p>Lum\u00ednico es un proyecto que se sit\u00faa en los l\u00edmites de la producci\u00f3n, la investigaci\u00f3n y la experimentaci\u00f3n. A trav\u00e9s de sonidos digitales y v\u00eddeo en tiempo real, el proyecto combina m\u00fasica contempor\u00e1nea con videoarte y m\u00fasica electroac\u00fastica. En este concierto multicanal, las obras presentadas \u2014composiciones recientes de autores iberoamericanos como Jo\u00e3o Pedro Oliveira, Alejandro Vi\u00f1ao, Gabriela Ortiz y Rodrigo Sigal\u2014 estructuran un discurso musical continuo, que tiene como prop\u00f3sito evidenciar la expresividad de la m\u00fasica actual y a la vez potenciar la sensibilidad sonora, po\u00e9tica y conceptual del propio espectador.<\/p>\n<p>Rodrigo Sigal (electr\u00f3nica en vivo)<\/p>\n<p>M\u00e1s informaci\u00f3n del festival:\u00a0<a href=\"http:\/\/www.amee.es\/index.php\/pde-granada-2017\/\" target=\"_blank\" rel=\"noopener\">http:\/\/www.amee.es\/index.php\/pde-granada-2017\/<\/a><\/p>\n","protected":false},"excerpt":{"rendered":"<p>XXIV Festival Internacional de Arte Sonoro y M\u00fasica Electroac\u00fastica \u201cPunto de Encuentro\u201d en Granada \u2013 30\u00ba Aniversario de la AMEE 2 diciembre 2017 \u2013 Centro Jos\u00e9 Guerrero Centro Jos\u00e9 Guerrero, 2\u00aa Planta Calle Oficios, 8, Granada Entrada gratuita hasta completar aforo 19:00 h. Concierto multicanal para soporte fijo \u201cIons refredats\u201d, para cinta (10&#8217;35&#8221;) Merc\u00e8 Capdevila [&hellip;]<\/p>\n","protected":false},"author":25,"featured_media":8018,"comment_status":"closed","ping_status":"closed","sticky":false,"template":"","format":"standard","meta":{"footnotes":""},"categories":[14],"tags":[],"class_list":["post-8006","post","type-post","status-publish","format-standard","has-post-thumbnail","hentry","category-noticias"],"_links":{"self":[{"href":"https:\/\/centroguerrero.es\/en\/wp-json\/wp\/v2\/posts\/8006"}],"collection":[{"href":"https:\/\/centroguerrero.es\/en\/wp-json\/wp\/v2\/posts"}],"about":[{"href":"https:\/\/centroguerrero.es\/en\/wp-json\/wp\/v2\/types\/post"}],"author":[{"embeddable":true,"href":"https:\/\/centroguerrero.es\/en\/wp-json\/wp\/v2\/users\/25"}],"replies":[{"embeddable":true,"href":"https:\/\/centroguerrero.es\/en\/wp-json\/wp\/v2\/comments?post=8006"}],"version-history":[{"count":0,"href":"https:\/\/centroguerrero.es\/en\/wp-json\/wp\/v2\/posts\/8006\/revisions"}],"wp:featuredmedia":[{"embeddable":true,"href":"https:\/\/centroguerrero.es\/en\/wp-json\/wp\/v2\/media\/8018"}],"wp:attachment":[{"href":"https:\/\/centroguerrero.es\/en\/wp-json\/wp\/v2\/media?parent=8006"}],"wp:term":[{"taxonomy":"category","embeddable":true,"href":"https:\/\/centroguerrero.es\/en\/wp-json\/wp\/v2\/categories?post=8006"},{"taxonomy":"post_tag","embeddable":true,"href":"https:\/\/centroguerrero.es\/en\/wp-json\/wp\/v2\/tags?post=8006"}],"curies":[{"name":"wp","href":"https:\/\/api.w.org\/{rel}","templated":true}]}}