{"id":8153,"date":"2018-03-22T11:24:32","date_gmt":"2018-03-22T11:24:32","guid":{"rendered":"https:\/\/centroguerrero.es\/?p=8153"},"modified":"2018-03-22T11:24:32","modified_gmt":"2018-03-22T11:24:32","slug":"la-cara-b","status":"publish","type":"post","link":"https:\/\/centroguerrero.es\/en\/la-cara-b\/","title":{"rendered":"LA CARA B"},"content":{"rendered":"<p><strong>Manuel Mart\u00edn Cuenca<\/strong><br \/>\nSemana del Audiovisual Contempor\u00e1neo de Oviedo<br \/>\nRIDEA, del 22 al 25 de marzo. Horarios: 12.30, 17.30 y 20.00<\/p>\n<p>Esta instalaci\u00f3n es una mirada a todo ese universo, a menudo desconocido, que existe detr\u00e1s de la producci\u00f3n de una pel\u00edcula, y que es un gran desconocido para el p\u00fablico en general. El director almeriense Manuel Mart\u00edn Cuenca document\u00f3 el off de la grabaci\u00f3n de su pel\u00edcula <em>Can\u00edbal<\/em> en tiempo real mientras filmaba los planos de ficci\u00f3n, con el mismo n\u00famero de im\u00e1genes, al mismo tiempo y con la misma claqueta. Cuando termin\u00f3 el montaje, edit\u00f3 una pel\u00edcula paralela mostrando la cara B del proceso de producci\u00f3n. La instalaci\u00f3n se present\u00f3 en el Centro Jos\u00e9 Guerrero de Granada en 2015, mostrando los dos filmes y permitiendo al espectador ir m\u00e1s all\u00e1 de la pantalla para conocer lo que hay detr\u00e1s de este trabajo filmogr\u00e1fico. Ahora el proyecto se expone en Oviedo dentro de la programaci\u00f3n de SACO, ofreciendo una nueva oportunidad de conocer este interesante trabajo.<\/p>\n","protected":false},"excerpt":{"rendered":"<p>Manuel Mart\u00edn Cuenca Semana del Audiovisual Contempor\u00e1neo de Oviedo RIDEA, del 22 al 25 de marzo. Horarios: 12.30, 17.30 y 20.00 Esta instalaci\u00f3n es una mirada a todo ese universo, a menudo desconocido, que existe detr\u00e1s de la producci\u00f3n de una pel\u00edcula, y que es un gran desconocido para el p\u00fablico en general. El director [&hellip;]<\/p>\n","protected":false},"author":25,"featured_media":8155,"comment_status":"closed","ping_status":"closed","sticky":false,"template":"","format":"standard","meta":{"footnotes":""},"categories":[14],"tags":[],"class_list":["post-8153","post","type-post","status-publish","format-standard","has-post-thumbnail","hentry","category-noticias"],"_links":{"self":[{"href":"https:\/\/centroguerrero.es\/en\/wp-json\/wp\/v2\/posts\/8153"}],"collection":[{"href":"https:\/\/centroguerrero.es\/en\/wp-json\/wp\/v2\/posts"}],"about":[{"href":"https:\/\/centroguerrero.es\/en\/wp-json\/wp\/v2\/types\/post"}],"author":[{"embeddable":true,"href":"https:\/\/centroguerrero.es\/en\/wp-json\/wp\/v2\/users\/25"}],"replies":[{"embeddable":true,"href":"https:\/\/centroguerrero.es\/en\/wp-json\/wp\/v2\/comments?post=8153"}],"version-history":[{"count":0,"href":"https:\/\/centroguerrero.es\/en\/wp-json\/wp\/v2\/posts\/8153\/revisions"}],"wp:featuredmedia":[{"embeddable":true,"href":"https:\/\/centroguerrero.es\/en\/wp-json\/wp\/v2\/media\/8155"}],"wp:attachment":[{"href":"https:\/\/centroguerrero.es\/en\/wp-json\/wp\/v2\/media?parent=8153"}],"wp:term":[{"taxonomy":"category","embeddable":true,"href":"https:\/\/centroguerrero.es\/en\/wp-json\/wp\/v2\/categories?post=8153"},{"taxonomy":"post_tag","embeddable":true,"href":"https:\/\/centroguerrero.es\/en\/wp-json\/wp\/v2\/tags?post=8153"}],"curies":[{"name":"wp","href":"https:\/\/api.w.org\/{rel}","templated":true}]}}