{"id":8489,"date":"2018-11-15T09:50:32","date_gmt":"2018-11-15T09:50:32","guid":{"rendered":"https:\/\/centroguerrero.es\/?p=8489"},"modified":"2022-08-29T12:52:30","modified_gmt":"2022-08-29T10:52:30","slug":"2a-intervencion-en-potencia-proyecto-kiosco","status":"publish","type":"post","link":"https:\/\/centroguerrero.es\/en\/2a-intervencion-en-potencia-proyecto-kiosco\/","title":{"rendered":"2\u00aa intervenci\u00f3n EN POTENCIA. Proyecto Kiosco"},"content":{"rendered":"<p>El viernes 23 de noviembre continuamos con EN POTENCIA. Proyecto Kiosco. Antonio R. Montesinos y Mercedes Pimiento realizar\u00e1n la segunda activaci\u00f3n del proyecto que nos acompa\u00f1ar\u00e1 hasta fin de a\u00f1o.<\/p>\n<p>El proyecto gira en torno a la idea de recuperar el espacio p\u00fablico en un contexto urbano cada vez m\u00e1s privatizado, en repensar los usos de la plaza, para lo que han creado una estructura desplegable, a modo de mobiliario urbano flexible. En esta ocasi\u00f3n, el Colectivo Enmedio, formado por Antonio R. Montesinos y Mercedes Pimiento, presentar\u00e1 las dos publicaciones que se han generado a partir de su primera intervenci\u00f3n en el Proyecto Kiosco a finales de septiembre (estudiar c\u00f3mo funcionan algunos elementos de dise\u00f1o urbano que regulan el movimiento de las personas) y de la acci\u00f3n colectiva de Clara Nubiola (observaci\u00f3n de los flujos de tr\u00e1nsito que se dibujan en el espacio urbano para crear una cartograf\u00eda).<\/p>\n<p>Viernes 23 de noviembre a las 19:00 h. Presentaci\u00f3n de la publicaci\u00f3n <em>En<\/em><em> potencia<\/em><\/p>\n<p>Viernes 23 de noviembre a las 20:00 h. Presentaci\u00f3n de la publicaci\u00f3n <em>De<\/em><em> 8 a 8<\/em><\/p>\n<p>&nbsp;<\/p>\n","protected":false},"excerpt":{"rendered":"<p>El viernes 23 de noviembre continuamos con EN POTENCIA. Proyecto Kiosco. Antonio R. Montesinos y Mercedes Pimiento realizar\u00e1n la segunda activaci\u00f3n del proyecto que nos acompa\u00f1ar\u00e1 hasta fin de a\u00f1o. El proyecto gira en torno a la idea de recuperar el espacio p\u00fablico en un contexto urbano cada vez m\u00e1s privatizado, en repensar los usos [&hellip;]<\/p>\n","protected":false},"author":25,"featured_media":8411,"comment_status":"closed","ping_status":"closed","sticky":false,"template":"","format":"standard","meta":{"footnotes":""},"categories":[14],"tags":[],"class_list":["post-8489","post","type-post","status-publish","format-standard","has-post-thumbnail","hentry","category-noticias"],"_links":{"self":[{"href":"https:\/\/centroguerrero.es\/en\/wp-json\/wp\/v2\/posts\/8489"}],"collection":[{"href":"https:\/\/centroguerrero.es\/en\/wp-json\/wp\/v2\/posts"}],"about":[{"href":"https:\/\/centroguerrero.es\/en\/wp-json\/wp\/v2\/types\/post"}],"author":[{"embeddable":true,"href":"https:\/\/centroguerrero.es\/en\/wp-json\/wp\/v2\/users\/25"}],"replies":[{"embeddable":true,"href":"https:\/\/centroguerrero.es\/en\/wp-json\/wp\/v2\/comments?post=8489"}],"version-history":[{"count":1,"href":"https:\/\/centroguerrero.es\/en\/wp-json\/wp\/v2\/posts\/8489\/revisions"}],"predecessor-version":[{"id":13435,"href":"https:\/\/centroguerrero.es\/en\/wp-json\/wp\/v2\/posts\/8489\/revisions\/13435"}],"wp:featuredmedia":[{"embeddable":true,"href":"https:\/\/centroguerrero.es\/en\/wp-json\/wp\/v2\/media\/8411"}],"wp:attachment":[{"href":"https:\/\/centroguerrero.es\/en\/wp-json\/wp\/v2\/media?parent=8489"}],"wp:term":[{"taxonomy":"category","embeddable":true,"href":"https:\/\/centroguerrero.es\/en\/wp-json\/wp\/v2\/categories?post=8489"},{"taxonomy":"post_tag","embeddable":true,"href":"https:\/\/centroguerrero.es\/en\/wp-json\/wp\/v2\/tags?post=8489"}],"curies":[{"name":"wp","href":"https:\/\/api.w.org\/{rel}","templated":true}]}}