{"id":9549,"date":"2020-06-14T08:07:04","date_gmt":"2020-06-14T08:07:04","guid":{"rendered":"https:\/\/centroguerrero.es\/?p=9549"},"modified":"2020-06-14T08:08:00","modified_gmt":"2020-06-14T08:08:00","slug":"xxaniversariocjg","status":"publish","type":"post","link":"https:\/\/centroguerrero.es\/en\/xxaniversariocjg\/","title":{"rendered":"XX Aniversario del Centro Jos\u00e9 Guerrero"},"content":{"rendered":"<p>Un d\u00eda como hoy de hace veinte a\u00f1os, el 14 de junio del a\u00f1o 2000, abri\u00f3 al p\u00fablico por primera vez sus puertas el Centro Jos\u00e9 Guerrero de la Diputaci\u00f3n de Granada. Conclu\u00eda entonces, felizmente, una aventura que hab\u00eda dado sus primeros pasos m\u00e1s de una d\u00e9cada antes, todav\u00eda en vida del pintor. Y el mismo d\u00eda que el proyecto culminaba, concluyendo como tal, nac\u00eda una nueva realidad: un centro de arte contempor\u00e1neo que, adaptado a su entorno de forma responsable, enarbola el ejemplo de Guerrero para trabajar en la vanguardia de la creaci\u00f3n actual. Hoy celebramos sus primeros veinte a\u00f1os.<\/p>\n<p>Desde aquel 14 de junio de 2000 nos han dejado muchos de los protagonistas de la historia: Roxane (viuda de Guerrero), su hija Lisa (gran valedora del Centro), Jos\u00e9 Rodr\u00edguez Tabasco (presidente de la Diputaci\u00f3n de Granada), Antonio Jim\u00e9nez Torrecillas (el arquitecto autor del edificio), Julio Juste (dise\u00f1ador de la imagen gr\u00e1fica y el cat\u00e1logo de la colecci\u00f3n), los historiadores del arte Dore Ashton y Juan Antonio Ram\u00edrez (que escribieron sendos estudios de referencia sobre el pintor), el fot\u00f3grafo Valent\u00edn Garc\u00eda, el artista y dise\u00f1ador Valent\u00edn Albard\u00edaz, el poeta Rafael Ju\u00e1rez y otros colaboradores y amigos muy cercanos. Estamos convencidos de que todos ellos, empezando por Jos\u00e9, estar\u00edan contentos y orgullosos de ver tan grande y bien parecida a la criatura que hab\u00edan alumbrado y cuidado. Con ella ha nacido toda una generaci\u00f3n, ha crecido otra, ha madurado otra m\u00e1s. Y todas han hecho suyo este museo, el Centro Guerrero, porque es de todas y para todas ellas.<\/p>\n<p>Quer\u00edamos agradecer vuestro continuo aliento y colaboraci\u00f3n convocando una gran fiesta en la vecina plaza de las Pasiegas, tal como celebramos nuestros primeros diez a\u00f1os, con otro concierto que prepar\u00e1bamos con ilusi\u00f3n. Y aunque la pandemia lo ha impedido, no vamos a dejar pasar en blanco esta efem\u00e9ride. Queremos ofrecer un regalo a todas las personas que nos hab\u00e9is acompa\u00f1ado en estos veinte a\u00f1os llenos de creatividad, de conocimiento y encuentros; un regalo que dibuje una sonrisa en el rostro de quien lo reciba: una canci\u00f3n. Os regalamos un v\u00eddeo original, montado para la ocasi\u00f3n por las autoras, de un tema muy especial de un disco de culto del pop espa\u00f1ol. Un disco que en breve cumplir\u00e1 tambi\u00e9n veinte a\u00f1os y que, como Jos\u00e9 Guerrero, es esencialmente vitalista, sencillo, luminoso, moderno e inspirador.<\/p>\n<p>Aqu\u00ed la ten\u00e9is. Esperamos que os guste.<\/p>\n<p>&nbsp;<\/p>\n<div class='avia-iframe-wrap'><iframe loading=\"lazy\" title=\"XX Aniversario del Centro Jos&amp;eacute; Guerrero\" src=\"https:\/\/player.vimeo.com\/video\/428936589?dnt=1&amp;app_id=122963\" width=\"1500\" height=\"844\" frameborder=\"0\" allow=\"autoplay; fullscreen\" allowfullscreen><\/iframe><\/div>\n<p>Gracias por vuestra compa\u00f1\u00eda. Nos vemos en el Centro<\/p>\n<p>&nbsp;<\/p>\n<p>&nbsp;<\/p>\n","protected":false},"excerpt":{"rendered":"<p>Un d\u00eda como hoy de hace veinte a\u00f1os, el 14 de junio del a\u00f1o 2000, abri\u00f3 al p\u00fablico por primera vez sus puertas el Centro Jos\u00e9 Guerrero de la Diputaci\u00f3n de Granada. Conclu\u00eda entonces, felizmente, una aventura que hab\u00eda dado sus primeros pasos m\u00e1s de una d\u00e9cada antes, todav\u00eda en vida del pintor. Y el [&hellip;]<\/p>\n","protected":false},"author":25,"featured_media":9550,"comment_status":"closed","ping_status":"closed","sticky":false,"template":"","format":"standard","meta":{"footnotes":""},"categories":[14],"tags":[],"class_list":["post-9549","post","type-post","status-publish","format-standard","has-post-thumbnail","hentry","category-noticias"],"_links":{"self":[{"href":"https:\/\/centroguerrero.es\/en\/wp-json\/wp\/v2\/posts\/9549"}],"collection":[{"href":"https:\/\/centroguerrero.es\/en\/wp-json\/wp\/v2\/posts"}],"about":[{"href":"https:\/\/centroguerrero.es\/en\/wp-json\/wp\/v2\/types\/post"}],"author":[{"embeddable":true,"href":"https:\/\/centroguerrero.es\/en\/wp-json\/wp\/v2\/users\/25"}],"replies":[{"embeddable":true,"href":"https:\/\/centroguerrero.es\/en\/wp-json\/wp\/v2\/comments?post=9549"}],"version-history":[{"count":0,"href":"https:\/\/centroguerrero.es\/en\/wp-json\/wp\/v2\/posts\/9549\/revisions"}],"wp:featuredmedia":[{"embeddable":true,"href":"https:\/\/centroguerrero.es\/en\/wp-json\/wp\/v2\/media\/9550"}],"wp:attachment":[{"href":"https:\/\/centroguerrero.es\/en\/wp-json\/wp\/v2\/media?parent=9549"}],"wp:term":[{"taxonomy":"category","embeddable":true,"href":"https:\/\/centroguerrero.es\/en\/wp-json\/wp\/v2\/categories?post=9549"},{"taxonomy":"post_tag","embeddable":true,"href":"https:\/\/centroguerrero.es\/en\/wp-json\/wp\/v2\/tags?post=9549"}],"curies":[{"name":"wp","href":"https:\/\/api.w.org\/{rel}","templated":true}]}}